{"id":480,"date":"2015-10-31T04:52:20","date_gmt":"2015-10-31T04:52:20","guid":{"rendered":"http:\/\/www.albamolinavisionguide.com\/es\/?p=480"},"modified":"2015-10-31T04:52:20","modified_gmt":"2015-10-31T04:52:20","slug":"comenzando-el-viaje","status":"publish","type":"post","link":"https:\/\/alba-molina.com\/es\/2015\/10\/31\/comenzando-el-viaje\/","title":{"rendered":"2. Comenzando el viaje"},"content":{"rendered":"<p><i>Aqu\u00ed tambi\u00e9n te ofrezco la versi\u00f3n de audio, por si eres como yo<br \/>\n(me encanta escuchar, adem\u00e1s de leer).<\/i><\/p>\n<audio class=\"wp-audio-shortcode\" id=\"audio-480-1\" preload=\"none\" style=\"width: 100%;\" controls=\"controls\"><source type=\"audio\/mpeg\" src=\"http:\/\/www.albamolinavisionguide.com\/es\/wp-content\/uploads\/sites\/2\/2015\/11\/AudioBlog-Comenzando-el-Viaje.mp3?_=1\" \/><a href=\"http:\/\/www.albamolinavisionguide.com\/es\/wp-content\/uploads\/sites\/2\/2015\/11\/AudioBlog-Comenzando-el-Viaje.mp3\">http:\/\/www.albamolinavisionguide.com\/es\/wp-content\/uploads\/sites\/2\/2015\/11\/AudioBlog-Comenzando-el-Viaje.mp3<\/a><\/audio>\n<p>&nbsp;<\/p>\n<p class=\"p1\">En el mensaje anterior habl\u00e1bamos de embarcarnos en un maravilloso viaje que nos permitir\u00e1 la realizaci\u00f3n de nuestros sue\u00f1os, desenmascarando el verdadero rostro del \u00e9xito. Te doy la bienvenida al haber aceptado mi invitaci\u00f3n!<\/p>\n<p class=\"p1\">Nuestra traves\u00eda comenz\u00f3 desde que est\u00e1bamos en el vientre materno; all\u00ed pudimos percibir las emociones que emanaban de nuestra madre al saber de nuestra llegada; luego pudimos sentir claramente cu\u00e1l era su propia realidad f\u00edsica y emocional, pues las circunstancias que la rodeaban<span class=\"Apple-converted-space\">\u00a0 <\/span>afectaron directamente nuestra \u00edntima conexi\u00f3n con ella.<\/p>\n<p class=\"p1\">Si esta experiencia de aproximadamente nueve meses fue positiva en general, logramos comenzar nuestra vida con salud equilibrada tanto a nivel f\u00edsico, como mental y emocional; la auto-estima reflejar\u00eda una actitud de plena satisfacci\u00f3n de ser exactamente como somos, sin compararnos con nadie. Nuestro \u00e1nimo, igualmente se traducir\u00eda en un nivel de gozo alto desde lo m\u00e1s profundo de nuestro ser; las circunstancias podr\u00edan ser un tanto desfavorables, sin embargo eso no nos sacar\u00eda de balance y r\u00e1pidamente recobrar\u00edamos nuestra alegr\u00eda y aprecio por la vida.<\/p>\n<p class=\"p1\">Si por el contrario hubo durante ese per\u00edodo de gestaci\u00f3n un ambiente estresante o condiciones inadecuadas para nuestro desarrollo \u00f3ptimo, estos factores se pueden ver plasmados en nuestro crecimiento: tal vez una salud d\u00e9bil, problemas de adaptaci\u00f3n social, depresiones, o caracter\u00edsticas similares.<\/p>\n<p class=\"p1\">Es l\u00f3gico que no s\u00f3lo los meses de gestaci\u00f3n cuentan a la hora de determinar c\u00f3mo ha de ser una persona en todos los aspectos de su vida, pues los elementos con los que un beb\u00e9 se encuentra despu\u00e9s de su nacimiento completan el cuadro: los otros miembros de la familia, su realidad socio-econ\u00f3mica y cultural, caracter\u00edsticas clim\u00e1ticas, y obviamente la personalidad que se lleva en los genes.<\/p>\n<p class=\"p1\">Si tienes la opci\u00f3n de averiguar c\u00f3mo fueron esos factores iniciales en tu caso personal, te propongo que lo hagas para que compares esa informaci\u00f3n con lo que sabes de tu persona en la actualidad. Si deseas compartirlo, ya sea envi\u00e1ndome un mensaje directamente a m\u00ed o public\u00e1ndolo para todos los miembros, si\u00e9ntete con la libertad de hacerlo en este espacio, el cual no pretende juzgar sino m\u00e1s bien apoyar incondicionalmente, adem\u00e1s de que todos crecemos con el aporte individual de cada miembro.<\/p>\n<p class=\"p1\">Luego, podremos continuar con nuestra traves\u00eda la cual promete grandes satisfacciones!<\/p>\n<p class=\"p1\">\u00a1Que disfrutes de un feliz resto de semana!<\/p>\n<p class=\"p1\"><img loading=\"lazy\" decoding=\"async\" class=\"alignnone size-full wp-image-681\" src=\"http:\/\/www.albamolinavisionguide.com\/es\/wp-content\/uploads\/sites\/2\/2015\/10\/alba1.png\" alt=\"alba1\" width=\"100\" height=\"87\" \/><\/p>\n","protected":false},"excerpt":{"rendered":"<p>Aqu\u00ed tambi\u00e9n te ofrezco la versi\u00f3n de audio, por si eres como yo (me encanta escuchar, adem\u00e1s de leer). &nbsp; En el mensaje anterior habl\u00e1bamos de embarcarnos en un maravilloso viaje que nos permitir\u00e1 la realizaci\u00f3n de nuestros sue\u00f1os, desenmascarando el verdadero rostro del \u00e9xito. Te doy la bienvenida al haber aceptado mi invitaci\u00f3n! Nuestra [&hellip;]<\/p>\n","protected":false},"author":1,"featured_media":481,"comment_status":"open","ping_status":"open","sticky":false,"template":"","format":"standard","meta":{"_et_pb_use_builder":"","_et_pb_old_content":"","_et_gb_content_width":"","_monsterinsights_skip_tracking":false,"_monsterinsights_sitenote_active":false,"_monsterinsights_sitenote_note":"","_monsterinsights_sitenote_category":0,"footnotes":""},"categories":[23],"tags":[],"class_list":["post-480","post","type-post","status-publish","format-standard","has-post-thumbnail","hentry","category-blog"],"_links":{"self":[{"href":"https:\/\/alba-molina.com\/es\/wp-json\/wp\/v2\/posts\/480","targetHints":{"allow":["GET"]}}],"collection":[{"href":"https:\/\/alba-molina.com\/es\/wp-json\/wp\/v2\/posts"}],"about":[{"href":"https:\/\/alba-molina.com\/es\/wp-json\/wp\/v2\/types\/post"}],"author":[{"embeddable":true,"href":"https:\/\/alba-molina.com\/es\/wp-json\/wp\/v2\/users\/1"}],"replies":[{"embeddable":true,"href":"https:\/\/alba-molina.com\/es\/wp-json\/wp\/v2\/comments?post=480"}],"version-history":[{"count":0,"href":"https:\/\/alba-molina.com\/es\/wp-json\/wp\/v2\/posts\/480\/revisions"}],"wp:featuredmedia":[{"embeddable":true,"href":"https:\/\/alba-molina.com\/es\/wp-json\/wp\/v2\/media\/481"}],"wp:attachment":[{"href":"https:\/\/alba-molina.com\/es\/wp-json\/wp\/v2\/media?parent=480"}],"wp:term":[{"taxonomy":"category","embeddable":true,"href":"https:\/\/alba-molina.com\/es\/wp-json\/wp\/v2\/categories?post=480"},{"taxonomy":"post_tag","embeddable":true,"href":"https:\/\/alba-molina.com\/es\/wp-json\/wp\/v2\/tags?post=480"}],"curies":[{"name":"wp","href":"https:\/\/api.w.org\/{rel}","templated":true}]}}